{"id":6153,"date":"2021-08-09T12:03:31","date_gmt":"2021-08-09T10:03:31","guid":{"rendered":"https:\/\/www.intersport.hr\/blog\/?p=6153"},"modified":"2021-08-10T15:09:54","modified_gmt":"2021-08-10T13:09:54","slug":"atraktivne-destinacije-za-jesenska-putovanja","status":"publish","type":"post","link":"https:\/\/www.intersport.hr\/blog\/2021\/08\/atraktivne-destinacije-za-jesenska-putovanja\/","title":{"rendered":"ATRAKTIVNE DESTINACIJE ZA JESENSKA PUTOVANJA!"},"content":{"rendered":"\n<style type=\"text\/css\" data-created_by=\"avia_inline_auto\" id=\"style-css-av-w6f8h5-96718a71661b48f502c04edda813035d\">\n.flex_column.av-w6f8h5-96718a71661b48f502c04edda813035d{\nborder-radius:0px 0px 0px 0px;\npadding:0px 0px 0px 0px;\n}\n<\/style>\n<div  class='flex_column av-w6f8h5-96718a71661b48f502c04edda813035d av_one_full  avia-builder-el-0  el_before_av_one_half  avia-builder-el-first  first flex_column_div av-zero-column-padding  '     ><section  class='av_textblock_section av-ks5tc9li-e4c479e75d13b88372196d35d1af4114 '   itemscope=\"itemscope\" itemtype=\"https:\/\/schema.org\/BlogPosting\" itemprop=\"blogPost\" ><div class='avia_textblock'  itemprop=\"text\" ><h2>Atraktivne destinacije za jesenska putovanja!<\/h2>\n<\/div><\/section><br \/>\n<section  class='av_textblock_section av-ks5t9hzw-d88b4860dda192e0dc6e4bf377fa5701 '   itemscope=\"itemscope\" itemtype=\"https:\/\/schema.org\/BlogPosting\" itemprop=\"blogPost\" ><div class='avia_textblock'  itemprop=\"text\" ><p>Atraktivne destinacije za jesenska putovanja. Jesen je zaista savr\u0161eno godi\u0161nje doba za putovanja. Najljep\u0161e europske destinacije turisti\u010dku sezonu imaju i na jesen, kada je pravo vrijeme za upoznavanje novih kultura i ljudi. U tom periodu u\u017eivati c\u0301ete u najboljem smje\u0161taju po najpovoljnijoj cjeni.<\/p>\n<\/div><\/section><br \/>\n<section  class='av_textblock_section av-ks5tbsec-45031230305d0a185a251b738e852fa4 '   itemscope=\"itemscope\" itemtype=\"https:\/\/schema.org\/BlogPosting\" itemprop=\"blogPost\" ><div class='avia_textblock'  itemprop=\"text\" ><p>Lak\u0161e \u0107ete realizirati razli\u010dite aktivnosti, u restoranima ima vi\u0161e slobodnih mjesta, manje nepoznatih osoba na va\u0161im fotografijama, ukratko, jesen je definitivno najbolje doba godine da biste otkrili Europu. Pogledajte i pro\u010ditajte ne\u0161to o na\u0161im omiljenim jesenjim destinacijama.<span style=\"color: #0000ff\"> <a style=\"color: #0000ff\" href=\"https:\/\/www.intersport.hr\/sportovi\">Ujedno se opremite<\/a><\/span>, kako bi vam na putovanju bilo udobno!<\/p>\n<\/div><\/section><\/p><\/div>\n\n<style type=\"text\/css\" data-created_by=\"avia_inline_auto\" id=\"style-css-av-uhey49-5016d5aad311aea0b2f872a5c694fbc5\">\n.flex_column.av-uhey49-5016d5aad311aea0b2f872a5c694fbc5{\nborder-radius:0px 0px 0px 0px;\npadding:0px 0px 0px 0px;\n}\n<\/style>\n<div  class='flex_column av-uhey49-5016d5aad311aea0b2f872a5c694fbc5 av_one_half  avia-builder-el-4  el_after_av_one_full  el_before_av_one_half  first flex_column_div av-zero-column-padding  column-top-margin'     ><style type=\"text\/css\" data-created_by=\"avia_inline_auto\" id=\"style-css-av-ks5u1b5q-c0404d04d9470038026a69ac7a6e0da6\">\n.avia-image-container.av-ks5u1b5q-c0404d04d9470038026a69ac7a6e0da6 img.avia_image{\nbox-shadow:none;\n}\n.avia-image-container.av-ks5u1b5q-c0404d04d9470038026a69ac7a6e0da6 .av-image-caption-overlay-center{\ncolor:#ffffff;\n}\n<\/style>\n<div  class='avia-image-container av-ks5u1b5q-c0404d04d9470038026a69ac7a6e0da6 av-styling- avia-align-center  avia-builder-el-5  avia-builder-el-no-sibling '   itemprop=\"image\" itemscope=\"itemscope\" itemtype=\"https:\/\/schema.org\/ImageObject\" ><div class=\"avia-image-container-inner\"><div class=\"avia-image-overlay-wrap\"><img decoding=\"async\" fetchpriority=\"high\" class='wp-image-6154 avia-img-lazy-loading-not-6154 avia_image ' src=\"https:\/\/www.intersport.hr\/blog\/wp-content\/uploads\/sites\/2\/2021\/08\/Lugano_Svicarska.jpg\" alt='' title='Lugano_\u0160vicarska'  height=\"450\" width=\"450\"  itemprop=\"thumbnailUrl\" srcset=\"https:\/\/www.intersport.hr\/blog\/wp-content\/uploads\/sites\/2\/2021\/08\/Lugano_Svicarska.jpg 450w, https:\/\/www.intersport.hr\/blog\/wp-content\/uploads\/sites\/2\/2021\/08\/Lugano_Svicarska-400x400.jpg 400w, https:\/\/www.intersport.hr\/blog\/wp-content\/uploads\/sites\/2\/2021\/08\/Lugano_Svicarska-80x80.jpg 80w, https:\/\/www.intersport.hr\/blog\/wp-content\/uploads\/sites\/2\/2021\/08\/Lugano_Svicarska-36x36.jpg 36w, https:\/\/www.intersport.hr\/blog\/wp-content\/uploads\/sites\/2\/2021\/08\/Lugano_Svicarska-180x180.jpg 180w\" sizes=\"(max-width: 450px) 100vw, 450px\" \/><\/div><\/div><\/div><\/div>\n\n<style type=\"text\/css\" data-created_by=\"avia_inline_auto\" id=\"style-css-av-suytnt-45f9d696959fde6f031f94e3c8b96574\">\n.flex_column.av-suytnt-45f9d696959fde6f031f94e3c8b96574{\nborder-radius:0px 0px 0px 0px;\npadding:0px 0px 0px 0px;\n}\n<\/style>\n<div  class='flex_column av-suytnt-45f9d696959fde6f031f94e3c8b96574 av_one_half  avia-builder-el-6  el_after_av_one_half  el_before_av_one_half  flex_column_div av-zero-column-padding  column-top-margin'     ><p><section  class='av_textblock_section av-ks5tu0gb-08956abc08f8b2b63f3254fb3b5d15ff '   itemscope=\"itemscope\" itemtype=\"https:\/\/schema.org\/BlogPosting\" itemprop=\"blogPost\" ><div class='avia_textblock'  itemprop=\"text\" ><p><span style=\"color: #ffffff\">.<\/span><\/p>\n<\/div><\/section><br \/>\n<section  class='av_textblock_section av-ks5tu0gb-08956abc08f8b2b63f3254fb3b5d15ff '   itemscope=\"itemscope\" itemtype=\"https:\/\/schema.org\/BlogPosting\" itemprop=\"blogPost\" ><div class='avia_textblock'  itemprop=\"text\" ><h3><span style=\"color: #808080\">Jesenska putovanja ; Lugano, \u0160vicarska<\/span><\/h3>\n<\/div><\/section><br \/>\n<section  class='av_textblock_section av-ks5tu0gb-08956abc08f8b2b63f3254fb3b5d15ff '   itemscope=\"itemscope\" itemtype=\"https:\/\/schema.org\/BlogPosting\" itemprop=\"blogPost\" ><div class='avia_textblock'  itemprop=\"text\" ><p><span style=\"color: #ffffff\">m<\/span><\/p>\n<\/div><\/section><br \/>\n<section  class='av_textblock_section av-ks5tvr4r-6e2ca041d63eb88253f38cb4e5c33574 '   itemscope=\"itemscope\" itemtype=\"https:\/\/schema.org\/BlogPosting\" itemprop=\"blogPost\" ><div class='avia_textblock'  itemprop=\"text\" ><p>U \u0160vicarskoj c\u0301ete do\u017eivjeti \u0161arolikost okusa i boja. Po\u010detak jesenje sezone provedite u dru\u0161tvu prijatelja, uz \u010da\u0161u dobrog vina i ukusne lokalne gastronomske proizvode. Vrac\u0301a se i tradicionalni jesenji festival Lugano, koji o\u017eivljava ulice i trgove starog grada.<\/p>\n<\/div><\/section><br \/>\n<section  class='av_textblock_section av-ks5twgl5-f74ad48cd78f4a45934568716a2c1c3d '   itemscope=\"itemscope\" itemtype=\"https:\/\/schema.org\/BlogPosting\" itemprop=\"blogPost\" ><div class='avia_textblock'  itemprop=\"text\" ><p>Po\u010detkom listopada posjetitelji mogu nekoliko dana otkrivati domac\u0301u kuhinju, i probati izvrsna vina iz Ticina u raznim podrumima raspore\u0111enim du\u017e gradskih ulica. Tako\u0111er ne smijete propustiti jesenski sajam, na kojem se prodaju lokalni i domac\u0301i proizvodi.<\/p>\n<\/div><\/section><br \/>\n<section  class='av_textblock_section av-ks5twgl5-f74ad48cd78f4a45934568716a2c1c3d '   itemscope=\"itemscope\" itemtype=\"https:\/\/schema.org\/BlogPosting\" itemprop=\"blogPost\" ><div class='avia_textblock'  itemprop=\"text\" ><\/div><\/section><\/p><\/div>\n<style type=\"text\/css\" data-created_by=\"avia_inline_auto\" id=\"style-css-av-9qcrt-1fb529961bde53752c55012722c00a63\">\n.flex_column.av-9qcrt-1fb529961bde53752c55012722c00a63{\nborder-radius:0px 0px 0px 0px;\npadding:0px 0px 0px 0px;\n}\n<\/style>\n<div  class='flex_column av-9qcrt-1fb529961bde53752c55012722c00a63 av_one_half  avia-builder-el-13  el_after_av_one_half  el_before_av_one_half  first flex_column_div av-zero-column-padding  column-top-margin'     ><style type=\"text\/css\" data-created_by=\"avia_inline_auto\" id=\"style-css-av-ozmbix-ba1df16c9978b8ba723d03ba76ca5e8d\">\n.avia-image-container.av-ozmbix-ba1df16c9978b8ba723d03ba76ca5e8d img.avia_image{\nbox-shadow:none;\n}\n.avia-image-container.av-ozmbix-ba1df16c9978b8ba723d03ba76ca5e8d .av-image-caption-overlay-center{\ncolor:#ffffff;\n}\n<\/style>\n<div  class='avia-image-container av-ozmbix-ba1df16c9978b8ba723d03ba76ca5e8d av-styling- avia-align-center  avia-builder-el-14  avia-builder-el-no-sibling '   itemprop=\"image\" itemscope=\"itemscope\" itemtype=\"https:\/\/schema.org\/ImageObject\" ><div class=\"avia-image-container-inner\"><div class=\"avia-image-overlay-wrap\"><img decoding=\"async\" fetchpriority=\"high\" class='wp-image-6157 avia-img-lazy-loading-not-6157 avia_image ' src=\"https:\/\/www.intersport.hr\/blog\/wp-content\/uploads\/sites\/2\/2021\/08\/Pula_Hrvatska.jpg\" alt='' title='Pula_Hrvatska'  height=\"420\" width=\"420\"  itemprop=\"thumbnailUrl\" srcset=\"https:\/\/www.intersport.hr\/blog\/wp-content\/uploads\/sites\/2\/2021\/08\/Pula_Hrvatska.jpg 420w, https:\/\/www.intersport.hr\/blog\/wp-content\/uploads\/sites\/2\/2021\/08\/Pula_Hrvatska-400x400.jpg 400w, https:\/\/www.intersport.hr\/blog\/wp-content\/uploads\/sites\/2\/2021\/08\/Pula_Hrvatska-80x80.jpg 80w, https:\/\/www.intersport.hr\/blog\/wp-content\/uploads\/sites\/2\/2021\/08\/Pula_Hrvatska-36x36.jpg 36w, https:\/\/www.intersport.hr\/blog\/wp-content\/uploads\/sites\/2\/2021\/08\/Pula_Hrvatska-180x180.jpg 180w\" sizes=\"(max-width: 420px) 100vw, 420px\" \/><\/div><\/div><\/div><\/div><\/p>\n\n<style type=\"text\/css\" data-created_by=\"avia_inline_auto\" id=\"style-css-av-nvl4t5-53cc2f888d57b8d904b67d1a8a141ee2\">\n.flex_column.av-nvl4t5-53cc2f888d57b8d904b67d1a8a141ee2{\nborder-radius:0px 0px 0px 0px;\npadding:0px 0px 0px 0px;\n}\n<\/style>\n<div  class='flex_column av-nvl4t5-53cc2f888d57b8d904b67d1a8a141ee2 av_one_half  avia-builder-el-15  el_after_av_one_half  el_before_av_one_half  flex_column_div av-zero-column-padding  column-top-margin'     ><section  class='av_textblock_section av-m56wm1-8a4e8a28533137760938b2c20a2ab408 '   itemscope=\"itemscope\" itemtype=\"https:\/\/schema.org\/BlogPosting\" itemprop=\"blogPost\" ><div class='avia_textblock'  itemprop=\"text\" ><h3><span style=\"color: #808080\">Pula, Hrvatska<\/span><\/h3>\n<\/div><\/section><br \/>\n<section  class='av_textblock_section av-m56wm1-8a4e8a28533137760938b2c20a2ab408 '   itemscope=\"itemscope\" itemtype=\"https:\/\/schema.org\/BlogPosting\" itemprop=\"blogPost\" ><div class='avia_textblock'  itemprop=\"text\" ><p><span style=\"color: #ffffff\">m<\/span><\/p>\n<\/div><\/section><br \/>\n<section  class='av_textblock_section av-m56wm1-8a4e8a28533137760938b2c20a2ab408 '   itemscope=\"itemscope\" itemtype=\"https:\/\/schema.org\/BlogPosting\" itemprop=\"blogPost\" ><div class='avia_textblock'  itemprop=\"text\" ><p>Pula je mjesto poznato po bogatoj povijesti. Va\u0161e poglede posebno c\u0301e privuc\u0301i rimski amfiteatar, koji se smatra jednim od najbolje o\u010duvanih u Europi.<\/p>\n<\/div><\/section><br \/>\n<section  class='av_textblock_section av-m56wm1-8a4e8a28533137760938b2c20a2ab408 '   itemscope=\"itemscope\" itemtype=\"https:\/\/schema.org\/BlogPosting\" itemprop=\"blogPost\" ><div class='avia_textblock'  itemprop=\"text\" ><p>Pula je tako\u0111er odli\u010dna destinacija za sve koji \u017eele miran i opu\u0161ten odmor, sunce i more.\u00a0 Pula je\u00a0 pravi dokaz da Hrvatska ne prestaje iznena\u0111ivati svojim biserima.<\/p>\n<\/div><\/section><br \/>\n<section  class='av_textblock_section av-m56wm1-8a4e8a28533137760938b2c20a2ab408 '   itemscope=\"itemscope\" itemtype=\"https:\/\/schema.org\/BlogPosting\" itemprop=\"blogPost\" ><div class='avia_textblock'  itemprop=\"text\" ><p>Sigurno poznajete i Zagreb, predivan grad koji je idealan za odmor u Europi, a ujedno i sjajna destinacija za proslavu Bo\u017eic\u0301a. Volite Zadar i njegov prekrasni zalazak sunca, ili Nin, jedno od najromanti\u010dnijih mesta. A tek Dubrovnik, grad koji je zablistao u seriji Igra prestolja.<\/p>\n<\/div><\/section><\/p><\/div>\n<style type=\"text\/css\" data-created_by=\"avia_inline_auto\" id=\"style-css-av-kx3jjt-615ce84ee0bc7233660edda7db10fbd9\">\n.flex_column.av-kx3jjt-615ce84ee0bc7233660edda7db10fbd9{\nborder-radius:0px 0px 0px 0px;\npadding:0px 0px 0px 0px;\n}\n<\/style>\n<div  class='flex_column av-kx3jjt-615ce84ee0bc7233660edda7db10fbd9 av_one_half  avia-builder-el-21  el_after_av_one_half  el_before_av_one_half  first flex_column_div av-zero-column-padding  column-top-margin'     ><p><section  class='av_textblock_section av-j3kczt-5834b5869dd1d61c5763f040383620cd '   itemscope=\"itemscope\" itemtype=\"https:\/\/schema.org\/BlogPosting\" itemprop=\"blogPost\" ><div class='avia_textblock'  itemprop=\"text\" ><p><span style=\"color: #ffffff\">m<\/span><\/p>\n<\/div><\/section><br \/>\n<section  class='av_textblock_section av-j3kczt-5834b5869dd1d61c5763f040383620cd '   itemscope=\"itemscope\" itemtype=\"https:\/\/schema.org\/BlogPosting\" itemprop=\"blogPost\" ><div class='avia_textblock'  itemprop=\"text\" ><h3><span style=\"color: #808080\">Ghent, Belgija<\/span><\/h3>\n<\/div><\/section><br \/>\n<section  class='av_textblock_section av-j3kczt-5834b5869dd1d61c5763f040383620cd '   itemscope=\"itemscope\" itemtype=\"https:\/\/schema.org\/BlogPosting\" itemprop=\"blogPost\" ><div class='avia_textblock'  itemprop=\"text\" ><p><span style=\"color: #ffffff\">m<\/span><\/p>\n<\/div><\/section><br \/>\n<section  class='av_textblock_section av-j3kczt-5834b5869dd1d61c5763f040383620cd '   itemscope=\"itemscope\" itemtype=\"https:\/\/schema.org\/BlogPosting\" itemprop=\"blogPost\" ><div class='avia_textblock'  itemprop=\"text\" ><p>Ghent je grad za koji mnogi ka\u017eu da je ljep, kao iz bajke. Nije najpoznatiji me\u0111u belgijskim gradovima, ali je sigurno jedan od najljep\u0161ih gradova u ovoj maloj zemlji.<\/p>\n<\/div><\/section><br \/>\n<section  class='av_textblock_section av-j3kczt-5834b5869dd1d61c5763f040383620cd '   itemscope=\"itemscope\" itemtype=\"https:\/\/schema.org\/BlogPosting\" itemprop=\"blogPost\" ><div class='avia_textblock'  itemprop=\"text\" ><p>Rijeka, povijest, zamak, tradicija, kao i prodavaonice i kulturni doga\u0111aji \u2013 u Gentu mo\u017eete otkriti bezbroj stvari, a jesensko vrijeme sa \u0161arenim drvec\u0301em, i otpalim li\u0161c\u0301em dopunjuje izgled ljupkih kuc\u0301a \u0161arenih boja i neobi\u010dnog dizajna..<\/p>\n<\/div><\/section><\/p><\/div>\n<style type=\"text\/css\" data-created_by=\"avia_inline_auto\" id=\"style-css-av-h3qeux-a7b3be1510865f4eab2ffd39112be7bf\">\n.flex_column.av-h3qeux-a7b3be1510865f4eab2ffd39112be7bf{\nborder-radius:0px 0px 0px 0px;\npadding:0px 0px 0px 0px;\n}\n<\/style>\n<div  class='flex_column av-h3qeux-a7b3be1510865f4eab2ffd39112be7bf av_one_half  avia-builder-el-27  el_after_av_one_half  el_before_av_one_half  flex_column_div av-zero-column-padding  column-top-margin'     ><style type=\"text\/css\" data-created_by=\"avia_inline_auto\" id=\"style-css-av-gfakh5-edbd32534c901ce2c3f38f886896f9c3\">\n.avia-image-container.av-gfakh5-edbd32534c901ce2c3f38f886896f9c3 img.avia_image{\nbox-shadow:none;\n}\n.avia-image-container.av-gfakh5-edbd32534c901ce2c3f38f886896f9c3 .av-image-caption-overlay-center{\ncolor:#ffffff;\n}\n<\/style>\n<div  class='avia-image-container av-gfakh5-edbd32534c901ce2c3f38f886896f9c3 av-styling- avia-align-center  avia-builder-el-28  avia-builder-el-no-sibling '   itemprop=\"image\" itemscope=\"itemscope\" itemtype=\"https:\/\/schema.org\/ImageObject\" ><div class=\"avia-image-container-inner\"><div class=\"avia-image-overlay-wrap\"><img decoding=\"async\" fetchpriority=\"high\" class='wp-image-6159 avia-img-lazy-loading-not-6159 avia_image ' src=\"https:\/\/www.intersport.hr\/blog\/wp-content\/uploads\/sites\/2\/2021\/08\/Ghent_Belgija.jpg\" alt='' title='Ghent_Belgija'  height=\"420\" width=\"420\"  itemprop=\"thumbnailUrl\" srcset=\"https:\/\/www.intersport.hr\/blog\/wp-content\/uploads\/sites\/2\/2021\/08\/Ghent_Belgija.jpg 420w, https:\/\/www.intersport.hr\/blog\/wp-content\/uploads\/sites\/2\/2021\/08\/Ghent_Belgija-400x400.jpg 400w, https:\/\/www.intersport.hr\/blog\/wp-content\/uploads\/sites\/2\/2021\/08\/Ghent_Belgija-80x80.jpg 80w, https:\/\/www.intersport.hr\/blog\/wp-content\/uploads\/sites\/2\/2021\/08\/Ghent_Belgija-36x36.jpg 36w, https:\/\/www.intersport.hr\/blog\/wp-content\/uploads\/sites\/2\/2021\/08\/Ghent_Belgija-180x180.jpg 180w\" sizes=\"(max-width: 420px) 100vw, 420px\" \/><\/div><\/div><\/div><\/div><\/p>\n\n<style type=\"text\/css\" data-created_by=\"avia_inline_auto\" id=\"style-css-av-dl4l2h-3320c092c79c46ef1388394d618b0ac8\">\n.flex_column.av-dl4l2h-3320c092c79c46ef1388394d618b0ac8{\nborder-radius:0px 0px 0px 0px;\npadding:0px 0px 0px 0px;\n}\n<\/style>\n<div  class='flex_column av-dl4l2h-3320c092c79c46ef1388394d618b0ac8 av_one_half  avia-builder-el-29  el_after_av_one_half  el_before_av_one_half  first flex_column_div av-zero-column-padding  column-top-margin'     ><p><section  class='av_textblock_section av-17wmw9-41d40c43626e32ac1c2751e6b037a933 '   itemscope=\"itemscope\" itemtype=\"https:\/\/schema.org\/BlogPosting\" itemprop=\"blogPost\" ><div class='avia_textblock'  itemprop=\"text\" ><p><span style=\"color: #ffffff\">m<\/span><\/p>\n<\/div><\/section><br \/>\n<section  class='av_textblock_section av-17wmw9-41d40c43626e32ac1c2751e6b037a933 '   itemscope=\"itemscope\" itemtype=\"https:\/\/schema.org\/BlogPosting\" itemprop=\"blogPost\" ><div class='avia_textblock'  itemprop=\"text\" ><h3><span style=\"color: #808080\">Budimpe\u0161ta, Ma\u0111arska<\/span><\/h3>\n<\/div><\/section><br \/>\n<section  class='av_textblock_section av-17wmw9-41d40c43626e32ac1c2751e6b037a933 '   itemscope=\"itemscope\" itemtype=\"https:\/\/schema.org\/BlogPosting\" itemprop=\"blogPost\" ><div class='avia_textblock'  itemprop=\"text\" ><p><span style=\"color: #ffffff\">m<\/span><\/p>\n<\/div><\/section><br \/>\n<section  class='av_textblock_section av-17wmw9-41d40c43626e32ac1c2751e6b037a933 '   itemscope=\"itemscope\" itemtype=\"https:\/\/schema.org\/BlogPosting\" itemprop=\"blogPost\" ><div class='avia_textblock'  itemprop=\"text\" ><p>Svratite do na\u0161ih susjeda, popnite se na brda Budimpe\u0161te i promatrajte rijeku, parlament, tople boje drvec\u0301a i osjec\u0301ati c\u0301ete se, kao da ste u jednom od najromanti\u010dnijih gradova u Europi.<\/p>\n<\/div><\/section><br \/>\n<section  class='av_textblock_section av-17wmw9-41d40c43626e32ac1c2751e6b037a933 '   itemscope=\"itemscope\" itemtype=\"https:\/\/schema.org\/BlogPosting\" itemprop=\"blogPost\" ><div class='avia_textblock'  itemprop=\"text\" ><p>U\u017eivajte u najboljim aktivnostima u Budimpe\u0161ti, poput krstarenja ili razgledavanja dok vozite bicikl. Pregr\u0161t aktivnosti Vas o\u010dekuje u glavnom gradu Ma\u0111arske.<\/p>\n<\/div><\/section><br \/>\n<section  class='av_textblock_section av-17wmw9-41d40c43626e32ac1c2751e6b037a933 '   itemscope=\"itemscope\" itemtype=\"https:\/\/schema.org\/BlogPosting\" itemprop=\"blogPost\" ><div class='avia_textblock'  itemprop=\"text\" ><p>A zbog jesenske sezone sajmova, opera, zamak i brdo u Budimpe\u0161ti su znatno manje posje\u0107eni i samim tim jo\u0161 magi\u010dniji.<\/p>\n<\/div><\/section><\/p><\/div>\n<style type=\"text\/css\" data-created_by=\"avia_inline_auto\" id=\"style-css-av-aom5jd-5d719c8793dd9cd6c707e429bd773ca4\">\n.flex_column.av-aom5jd-5d719c8793dd9cd6c707e429bd773ca4{\nborder-radius:0px 0px 0px 0px;\npadding:0px 0px 0px 0px;\n}\n<\/style>\n<div  class='flex_column av-aom5jd-5d719c8793dd9cd6c707e429bd773ca4 av_one_half  avia-builder-el-36  el_after_av_one_half  el_before_av_one_half  flex_column_div av-zero-column-padding  column-top-margin'     ><style type=\"text\/css\" data-created_by=\"avia_inline_auto\" id=\"style-css-av-9dc4e1-d4aac8c4138bb9b5e74d8a188c4c6631\">\n.avia-image-container.av-9dc4e1-d4aac8c4138bb9b5e74d8a188c4c6631 img.avia_image{\nbox-shadow:none;\n}\n.avia-image-container.av-9dc4e1-d4aac8c4138bb9b5e74d8a188c4c6631 .av-image-caption-overlay-center{\ncolor:#ffffff;\n}\n<\/style>\n<div  class='avia-image-container av-9dc4e1-d4aac8c4138bb9b5e74d8a188c4c6631 av-styling- avia-align-center  avia-builder-el-37  avia-builder-el-no-sibling '   itemprop=\"image\" itemscope=\"itemscope\" itemtype=\"https:\/\/schema.org\/ImageObject\" ><div class=\"avia-image-container-inner\"><div class=\"avia-image-overlay-wrap\"><img decoding=\"async\" fetchpriority=\"high\" class='wp-image-6160 avia-img-lazy-loading-not-6160 avia_image ' src=\"https:\/\/www.intersport.hr\/blog\/wp-content\/uploads\/sites\/2\/2021\/08\/Budimpesta_Madarska.jpg\" alt='' title='Budimpe\u0161ta_Ma\u0111arska'  height=\"420\" width=\"420\"  itemprop=\"thumbnailUrl\" srcset=\"https:\/\/www.intersport.hr\/blog\/wp-content\/uploads\/sites\/2\/2021\/08\/Budimpesta_Madarska.jpg 420w, https:\/\/www.intersport.hr\/blog\/wp-content\/uploads\/sites\/2\/2021\/08\/Budimpesta_Madarska-400x400.jpg 400w, https:\/\/www.intersport.hr\/blog\/wp-content\/uploads\/sites\/2\/2021\/08\/Budimpesta_Madarska-80x80.jpg 80w, https:\/\/www.intersport.hr\/blog\/wp-content\/uploads\/sites\/2\/2021\/08\/Budimpesta_Madarska-36x36.jpg 36w, https:\/\/www.intersport.hr\/blog\/wp-content\/uploads\/sites\/2\/2021\/08\/Budimpesta_Madarska-180x180.jpg 180w\" sizes=\"(max-width: 420px) 100vw, 420px\" \/><\/div><\/div><\/div><\/div><\/p>\n\n<style type=\"text\/css\" data-created_by=\"avia_inline_auto\" id=\"style-css-av-6secux-411494bd36e200d89c717c31c61eca4c\">\n.flex_column.av-6secux-411494bd36e200d89c717c31c61eca4c{\nborder-radius:0px 0px 0px 0px;\npadding:0px 0px 0px 0px;\n}\n<\/style>\n<div  class='flex_column av-6secux-411494bd36e200d89c717c31c61eca4c av_one_half  avia-builder-el-38  el_after_av_one_half  el_before_av_one_half  first flex_column_div av-zero-column-padding  column-top-margin'     ><style type=\"text\/css\" data-created_by=\"avia_inline_auto\" id=\"style-css-av-63cv5l-39b5189da3a8f58e92a14d92341a3158\">\n.avia-image-container.av-63cv5l-39b5189da3a8f58e92a14d92341a3158 img.avia_image{\nbox-shadow:none;\n}\n.avia-image-container.av-63cv5l-39b5189da3a8f58e92a14d92341a3158 .av-image-caption-overlay-center{\ncolor:#ffffff;\n}\n<\/style>\n<div  class='avia-image-container av-63cv5l-39b5189da3a8f58e92a14d92341a3158 av-styling- avia-align-center  avia-builder-el-39  avia-builder-el-no-sibling '   itemprop=\"image\" itemscope=\"itemscope\" itemtype=\"https:\/\/schema.org\/ImageObject\" ><div class=\"avia-image-container-inner\"><div class=\"avia-image-overlay-wrap\"><img decoding=\"async\" fetchpriority=\"high\" class='wp-image-6163 avia-img-lazy-loading-not-6163 avia_image ' src=\"https:\/\/www.intersport.hr\/blog\/wp-content\/uploads\/sites\/2\/2021\/08\/Goriska-Brda_Slovenija.jpg\" alt='' title='Gori\u0161ka Brda_Slovenija'  height=\"420\" width=\"420\"  itemprop=\"thumbnailUrl\" srcset=\"https:\/\/www.intersport.hr\/blog\/wp-content\/uploads\/sites\/2\/2021\/08\/Goriska-Brda_Slovenija.jpg 420w, https:\/\/www.intersport.hr\/blog\/wp-content\/uploads\/sites\/2\/2021\/08\/Goriska-Brda_Slovenija-400x400.jpg 400w, https:\/\/www.intersport.hr\/blog\/wp-content\/uploads\/sites\/2\/2021\/08\/Goriska-Brda_Slovenija-80x80.jpg 80w, https:\/\/www.intersport.hr\/blog\/wp-content\/uploads\/sites\/2\/2021\/08\/Goriska-Brda_Slovenija-36x36.jpg 36w, https:\/\/www.intersport.hr\/blog\/wp-content\/uploads\/sites\/2\/2021\/08\/Goriska-Brda_Slovenija-180x180.jpg 180w\" sizes=\"(max-width: 420px) 100vw, 420px\" \/><\/div><\/div><\/div><\/div>\n\n<style type=\"text\/css\" data-created_by=\"avia_inline_auto\" id=\"style-css-av-494e3t-d30620095f172299d4f5390794121dac\">\n.flex_column.av-494e3t-d30620095f172299d4f5390794121dac{\nborder-radius:0px 0px 0px 0px;\npadding:0px 0px 0px 0px;\n}\n<\/style>\n<div  class='flex_column av-494e3t-d30620095f172299d4f5390794121dac av_one_half  avia-builder-el-40  el_after_av_one_half  avia-builder-el-last  flex_column_div av-zero-column-padding  column-top-margin'     ><section  class='av_textblock_section av-2e1wt5-61763b65f6176ec797d12fe6d8f0ff0c '   itemscope=\"itemscope\" itemtype=\"https:\/\/schema.org\/BlogPosting\" itemprop=\"blogPost\" ><div class='avia_textblock'  itemprop=\"text\" ><h3><span style=\"color: #808080\">Gori\u0161ka Brda, Slovenija<\/span><\/h3>\n<\/div><\/section><br \/>\n<section  class='av_textblock_section av-2e1wt5-61763b65f6176ec797d12fe6d8f0ff0c '   itemscope=\"itemscope\" itemtype=\"https:\/\/schema.org\/BlogPosting\" itemprop=\"blogPost\" ><div class='avia_textblock'  itemprop=\"text\" ><p><span style=\"color: #ffffff\">m<\/span><\/p>\n<\/div><\/section><br \/>\n<section  class='av_textblock_section av-2e1wt5-61763b65f6176ec797d12fe6d8f0ff0c '   itemscope=\"itemscope\" itemtype=\"https:\/\/schema.org\/BlogPosting\" itemprop=\"blogPost\" ><div class='avia_textblock'  itemprop=\"text\" ><p>I na kraju Slovenija, koju zbog male veli\u010dine mo\u017eemo posjetiti kad god po\u017eelimo. Sinonim za Gori\u0161ka Brda je slovenska Toskana, koja je \u010darobna i slikovita.<\/p>\n<\/div><\/section><br \/>\n<section  class='av_textblock_section av-2e1wt5-61763b65f6176ec797d12fe6d8f0ff0c '   itemscope=\"itemscope\" itemtype=\"https:\/\/schema.org\/BlogPosting\" itemprop=\"blogPost\" ><div class='avia_textblock'  itemprop=\"text\" ><p>Talasasti bre\u017euljci, nepregledni vinogradi, mali vrhovi bre\u017euljaka koji se nalaze izme\u0111u Alpa i Jadranskog mora, odu\u0161evit c\u0301e Vas na jesen.<\/p>\n<\/div><\/section><br \/>\n<section  class='av_textblock_section av-2e1wt5-61763b65f6176ec797d12fe6d8f0ff0c '   itemscope=\"itemscope\" itemtype=\"https:\/\/schema.org\/BlogPosting\" itemprop=\"blogPost\" ><div class='avia_textblock'  itemprop=\"text\" ><p>\u0160etnje oko Brda mogu biti kratke ili duge, jedna od najpopularnijih pje\u0161a\u010dkih staza duga je 16 kilometara i uklju\u010duje najbolja mjesta, i podrume koje treba posjetiti tokom putovanja oko Brda (\u0160martno, Biljana, Dobrovo, Medana).<\/p>\n<\/div><\/section><\/p><\/div>\n","protected":false},"excerpt":{"rendered":"","protected":false},"author":5,"featured_media":6169,"comment_status":"open","ping_status":"open","sticky":false,"template":"","format":"standard","meta":{"_acf_changed":false,"footnotes":""},"categories":[{"term_id":500,"name":"Putovanja i zanimljivosti","slug":"putovanja-i-zanimljivosti","term_group":0,"term_taxonomy_id":500,"taxonomy":"category","description":"","parent":0,"count":3,"filter":"raw","term_order":"16","url":"https:\/\/www.intersport.hr\/blog\/category\/putovanja-i-zanimljivosti\/"}],"tags":[],"class_list":["post-6153","post","type-post","status-publish","format-standard","has-post-thumbnail","hentry","category-putovanja-i-zanimljivosti"],"acf":[],"yoast_head":"<!-- This site is optimized with the Yoast SEO plugin v26.8 - https:\/\/yoast.com\/product\/yoast-seo-wordpress\/ -->\n<title>ATRAKTIVNE DESTINACIJE ZA JESENSKA PUTOVANJA! - Intersport Blog HR<\/title>\n<meta name=\"description\" content=\"Atraktivne destinacije za jesenska putovanja. Jesen je zaista savr\u0161eno godi\u0161nje doba za putovanja. Najljep\u0161e europske destinacije turisti\u010dku\" \/>\n<meta name=\"robots\" content=\"index, follow, max-snippet:-1, max-image-preview:large, max-video-preview:-1\" \/>\n<link rel=\"canonical\" href=\"https:\/\/www.intersport.hr\/blog\/2021\/08\/atraktivne-destinacije-za-jesenska-putovanja\/\" \/>\n<meta property=\"og:locale\" content=\"hr_HR\" \/>\n<meta property=\"og:type\" content=\"article\" \/>\n<meta property=\"og:title\" content=\"ATRAKTIVNE DESTINACIJE ZA JESENSKA PUTOVANJA! - Intersport Blog HR\" \/>\n<meta property=\"og:description\" content=\"Atraktivne destinacije za jesenska putovanja. Jesen je zaista savr\u0161eno godi\u0161nje doba za putovanja. Najljep\u0161e europske destinacije turisti\u010dku\" \/>\n<meta property=\"og:url\" content=\"https:\/\/www.intersport.hr\/blog\/2021\/08\/atraktivne-destinacije-za-jesenska-putovanja\/\" \/>\n<meta property=\"og:site_name\" content=\"Intersport Blog HR\" \/>\n<meta property=\"article:published_time\" content=\"2021-08-09T10:03:31+00:00\" \/>\n<meta property=\"article:modified_time\" content=\"2021-08-10T13:09:54+00:00\" \/>\n<meta property=\"og:image\" content=\"https:\/\/www.intersport.hr\/blog\/wp-content\/uploads\/sites\/2\/2021\/08\/istaknuta-slika-21.jpg\" \/>\n\t<meta property=\"og:image:width\" content=\"1440\" \/>\n\t<meta property=\"og:image:height\" content=\"700\" \/>\n\t<meta property=\"og:image:type\" content=\"image\/jpeg\" \/>\n<meta name=\"author\" content=\"Barbara\" \/>\n<meta name=\"twitter:card\" content=\"summary_large_image\" \/>\n<meta name=\"twitter:label1\" content=\"Napisao\/la\" \/>\n\t<meta name=\"twitter:data1\" content=\"Barbara\" \/>\n\t<meta name=\"twitter:label2\" content=\"Procijenjeno vrijeme \u010ditanja\" \/>\n\t<meta name=\"twitter:data2\" content=\"16 minuta\" \/>\n<script type=\"application\/ld+json\" class=\"yoast-schema-graph\">{\"@context\":\"https:\/\/schema.org\",\"@graph\":[{\"@type\":\"Article\",\"@id\":\"https:\/\/www.intersport.hr\/blog\/2021\/08\/atraktivne-destinacije-za-jesenska-putovanja\/#article\",\"isPartOf\":{\"@id\":\"https:\/\/www.intersport.hr\/blog\/2021\/08\/atraktivne-destinacije-za-jesenska-putovanja\/\"},\"author\":{\"name\":\"Barbara\",\"@id\":\"https:\/\/www.intersport.hr\/blog\/#\/schema\/person\/1f1cfd1d1a90b7e7afdc6b683d880e3f\"},\"headline\":\"ATRAKTIVNE DESTINACIJE ZA JESENSKA PUTOVANJA!\",\"datePublished\":\"2021-08-09T10:03:31+00:00\",\"dateModified\":\"2021-08-10T13:09:54+00:00\",\"mainEntityOfPage\":{\"@id\":\"https:\/\/www.intersport.hr\/blog\/2021\/08\/atraktivne-destinacije-za-jesenska-putovanja\/\"},\"wordCount\":2488,\"commentCount\":0,\"image\":{\"@id\":\"https:\/\/www.intersport.hr\/blog\/2021\/08\/atraktivne-destinacije-za-jesenska-putovanja\/#primaryimage\"},\"thumbnailUrl\":\"https:\/\/www.intersport.hr\/blog\/wp-content\/uploads\/sites\/2\/2021\/08\/istaknuta-slika-21.jpg\",\"articleSection\":[\"Putovanja i zanimljivosti\"],\"inLanguage\":\"hr\",\"potentialAction\":[{\"@type\":\"CommentAction\",\"name\":\"Comment\",\"target\":[\"https:\/\/www.intersport.hr\/blog\/2021\/08\/atraktivne-destinacije-za-jesenska-putovanja\/#respond\"]}]},{\"@type\":\"WebPage\",\"@id\":\"https:\/\/www.intersport.hr\/blog\/2021\/08\/atraktivne-destinacije-za-jesenska-putovanja\/\",\"url\":\"https:\/\/www.intersport.hr\/blog\/2021\/08\/atraktivne-destinacije-za-jesenska-putovanja\/\",\"name\":\"ATRAKTIVNE DESTINACIJE ZA JESENSKA PUTOVANJA! - Intersport Blog HR\",\"isPartOf\":{\"@id\":\"https:\/\/www.intersport.hr\/blog\/#website\"},\"primaryImageOfPage\":{\"@id\":\"https:\/\/www.intersport.hr\/blog\/2021\/08\/atraktivne-destinacije-za-jesenska-putovanja\/#primaryimage\"},\"image\":{\"@id\":\"https:\/\/www.intersport.hr\/blog\/2021\/08\/atraktivne-destinacije-za-jesenska-putovanja\/#primaryimage\"},\"thumbnailUrl\":\"https:\/\/www.intersport.hr\/blog\/wp-content\/uploads\/sites\/2\/2021\/08\/istaknuta-slika-21.jpg\",\"datePublished\":\"2021-08-09T10:03:31+00:00\",\"dateModified\":\"2021-08-10T13:09:54+00:00\",\"author\":{\"@id\":\"https:\/\/www.intersport.hr\/blog\/#\/schema\/person\/1f1cfd1d1a90b7e7afdc6b683d880e3f\"},\"description\":\"Atraktivne destinacije za jesenska putovanja. Jesen je zaista savr\u0161eno godi\u0161nje doba za putovanja. Najljep\u0161e europske destinacije turisti\u010dku\",\"breadcrumb\":{\"@id\":\"https:\/\/www.intersport.hr\/blog\/2021\/08\/atraktivne-destinacije-za-jesenska-putovanja\/#breadcrumb\"},\"inLanguage\":\"hr\",\"potentialAction\":[{\"@type\":\"ReadAction\",\"target\":[\"https:\/\/www.intersport.hr\/blog\/2021\/08\/atraktivne-destinacije-za-jesenska-putovanja\/\"]}]},{\"@type\":\"ImageObject\",\"inLanguage\":\"hr\",\"@id\":\"https:\/\/www.intersport.hr\/blog\/2021\/08\/atraktivne-destinacije-za-jesenska-putovanja\/#primaryimage\",\"url\":\"https:\/\/www.intersport.hr\/blog\/wp-content\/uploads\/sites\/2\/2021\/08\/istaknuta-slika-21.jpg\",\"contentUrl\":\"https:\/\/www.intersport.hr\/blog\/wp-content\/uploads\/sites\/2\/2021\/08\/istaknuta-slika-21.jpg\",\"width\":1440,\"height\":700},{\"@type\":\"BreadcrumbList\",\"@id\":\"https:\/\/www.intersport.hr\/blog\/2021\/08\/atraktivne-destinacije-za-jesenska-putovanja\/#breadcrumb\",\"itemListElement\":[{\"@type\":\"ListItem\",\"position\":1,\"name\":\"Home\",\"item\":\"https:\/\/www.intersport.hr\/blog\/homepage\/\"},{\"@type\":\"ListItem\",\"position\":2,\"name\":\"ATRAKTIVNE DESTINACIJE ZA JESENSKA PUTOVANJA!\"}]},{\"@type\":\"WebSite\",\"@id\":\"https:\/\/www.intersport.hr\/blog\/#website\",\"url\":\"https:\/\/www.intersport.hr\/blog\/\",\"name\":\"Intersport Blog HR\",\"description\":\"Sport &amp; fitness news, articles and advice for athletes of all abilities.\",\"potentialAction\":[{\"@type\":\"SearchAction\",\"target\":{\"@type\":\"EntryPoint\",\"urlTemplate\":\"https:\/\/www.intersport.hr\/blog\/?s={search_term_string}\"},\"query-input\":{\"@type\":\"PropertyValueSpecification\",\"valueRequired\":true,\"valueName\":\"search_term_string\"}}],\"inLanguage\":\"hr\"},{\"@type\":\"Person\",\"@id\":\"https:\/\/www.intersport.hr\/blog\/#\/schema\/person\/1f1cfd1d1a90b7e7afdc6b683d880e3f\",\"name\":\"Barbara\",\"image\":{\"@type\":\"ImageObject\",\"inLanguage\":\"hr\",\"@id\":\"https:\/\/www.intersport.hr\/blog\/#\/schema\/person\/image\/\",\"url\":\"https:\/\/secure.gravatar.com\/avatar\/e2afb68f445ad3ce66c04940516f6ce8a25ecb66ef021c80722da94d9c68547e?s=96&d=mm&r=g\",\"contentUrl\":\"https:\/\/secure.gravatar.com\/avatar\/e2afb68f445ad3ce66c04940516f6ce8a25ecb66ef021c80722da94d9c68547e?s=96&d=mm&r=g\",\"caption\":\"Barbara\"},\"url\":\"https:\/\/www.intersport.hr\/blog\/author\/barbarajanzekovic\/\"}]}<\/script>\n<!-- \/ Yoast SEO plugin. -->","yoast_head_json":{"title":"ATRAKTIVNE DESTINACIJE ZA JESENSKA PUTOVANJA! - Intersport Blog HR","description":"Atraktivne destinacije za jesenska putovanja. Jesen je zaista savr\u0161eno godi\u0161nje doba za putovanja. Najljep\u0161e europske destinacije turisti\u010dku","robots":{"index":"index","follow":"follow","max-snippet":"max-snippet:-1","max-image-preview":"max-image-preview:large","max-video-preview":"max-video-preview:-1"},"canonical":"https:\/\/www.intersport.hr\/blog\/2021\/08\/atraktivne-destinacije-za-jesenska-putovanja\/","og_locale":"hr_HR","og_type":"article","og_title":"ATRAKTIVNE DESTINACIJE ZA JESENSKA PUTOVANJA! - Intersport Blog HR","og_description":"Atraktivne destinacije za jesenska putovanja. Jesen je zaista savr\u0161eno godi\u0161nje doba za putovanja. Najljep\u0161e europske destinacije turisti\u010dku","og_url":"https:\/\/www.intersport.hr\/blog\/2021\/08\/atraktivne-destinacije-za-jesenska-putovanja\/","og_site_name":"Intersport Blog HR","article_published_time":"2021-08-09T10:03:31+00:00","article_modified_time":"2021-08-10T13:09:54+00:00","og_image":[{"width":1440,"height":700,"url":"https:\/\/www.intersport.hr\/blog\/wp-content\/uploads\/sites\/2\/2021\/08\/istaknuta-slika-21.jpg","type":"image\/jpeg"}],"author":"Barbara","twitter_card":"summary_large_image","twitter_misc":{"Napisao\/la":"Barbara","Procijenjeno vrijeme \u010ditanja":"16 minuta"},"schema":{"@context":"https:\/\/schema.org","@graph":[{"@type":"Article","@id":"https:\/\/www.intersport.hr\/blog\/2021\/08\/atraktivne-destinacije-za-jesenska-putovanja\/#article","isPartOf":{"@id":"https:\/\/www.intersport.hr\/blog\/2021\/08\/atraktivne-destinacije-za-jesenska-putovanja\/"},"author":{"name":"Barbara","@id":"https:\/\/www.intersport.hr\/blog\/#\/schema\/person\/1f1cfd1d1a90b7e7afdc6b683d880e3f"},"headline":"ATRAKTIVNE DESTINACIJE ZA JESENSKA PUTOVANJA!","datePublished":"2021-08-09T10:03:31+00:00","dateModified":"2021-08-10T13:09:54+00:00","mainEntityOfPage":{"@id":"https:\/\/www.intersport.hr\/blog\/2021\/08\/atraktivne-destinacije-za-jesenska-putovanja\/"},"wordCount":2488,"commentCount":0,"image":{"@id":"https:\/\/www.intersport.hr\/blog\/2021\/08\/atraktivne-destinacije-za-jesenska-putovanja\/#primaryimage"},"thumbnailUrl":"https:\/\/www.intersport.hr\/blog\/wp-content\/uploads\/sites\/2\/2021\/08\/istaknuta-slika-21.jpg","articleSection":["Putovanja i zanimljivosti"],"inLanguage":"hr","potentialAction":[{"@type":"CommentAction","name":"Comment","target":["https:\/\/www.intersport.hr\/blog\/2021\/08\/atraktivne-destinacije-za-jesenska-putovanja\/#respond"]}]},{"@type":"WebPage","@id":"https:\/\/www.intersport.hr\/blog\/2021\/08\/atraktivne-destinacije-za-jesenska-putovanja\/","url":"https:\/\/www.intersport.hr\/blog\/2021\/08\/atraktivne-destinacije-za-jesenska-putovanja\/","name":"ATRAKTIVNE DESTINACIJE ZA JESENSKA PUTOVANJA! - Intersport Blog HR","isPartOf":{"@id":"https:\/\/www.intersport.hr\/blog\/#website"},"primaryImageOfPage":{"@id":"https:\/\/www.intersport.hr\/blog\/2021\/08\/atraktivne-destinacije-za-jesenska-putovanja\/#primaryimage"},"image":{"@id":"https:\/\/www.intersport.hr\/blog\/2021\/08\/atraktivne-destinacije-za-jesenska-putovanja\/#primaryimage"},"thumbnailUrl":"https:\/\/www.intersport.hr\/blog\/wp-content\/uploads\/sites\/2\/2021\/08\/istaknuta-slika-21.jpg","datePublished":"2021-08-09T10:03:31+00:00","dateModified":"2021-08-10T13:09:54+00:00","author":{"@id":"https:\/\/www.intersport.hr\/blog\/#\/schema\/person\/1f1cfd1d1a90b7e7afdc6b683d880e3f"},"description":"Atraktivne destinacije za jesenska putovanja. Jesen je zaista savr\u0161eno godi\u0161nje doba za putovanja. Najljep\u0161e europske destinacije turisti\u010dku","breadcrumb":{"@id":"https:\/\/www.intersport.hr\/blog\/2021\/08\/atraktivne-destinacije-za-jesenska-putovanja\/#breadcrumb"},"inLanguage":"hr","potentialAction":[{"@type":"ReadAction","target":["https:\/\/www.intersport.hr\/blog\/2021\/08\/atraktivne-destinacije-za-jesenska-putovanja\/"]}]},{"@type":"ImageObject","inLanguage":"hr","@id":"https:\/\/www.intersport.hr\/blog\/2021\/08\/atraktivne-destinacije-za-jesenska-putovanja\/#primaryimage","url":"https:\/\/www.intersport.hr\/blog\/wp-content\/uploads\/sites\/2\/2021\/08\/istaknuta-slika-21.jpg","contentUrl":"https:\/\/www.intersport.hr\/blog\/wp-content\/uploads\/sites\/2\/2021\/08\/istaknuta-slika-21.jpg","width":1440,"height":700},{"@type":"BreadcrumbList","@id":"https:\/\/www.intersport.hr\/blog\/2021\/08\/atraktivne-destinacije-za-jesenska-putovanja\/#breadcrumb","itemListElement":[{"@type":"ListItem","position":1,"name":"Home","item":"https:\/\/www.intersport.hr\/blog\/homepage\/"},{"@type":"ListItem","position":2,"name":"ATRAKTIVNE DESTINACIJE ZA JESENSKA PUTOVANJA!"}]},{"@type":"WebSite","@id":"https:\/\/www.intersport.hr\/blog\/#website","url":"https:\/\/www.intersport.hr\/blog\/","name":"Intersport Blog HR","description":"Sport &amp; fitness news, articles and advice for athletes of all abilities.","potentialAction":[{"@type":"SearchAction","target":{"@type":"EntryPoint","urlTemplate":"https:\/\/www.intersport.hr\/blog\/?s={search_term_string}"},"query-input":{"@type":"PropertyValueSpecification","valueRequired":true,"valueName":"search_term_string"}}],"inLanguage":"hr"},{"@type":"Person","@id":"https:\/\/www.intersport.hr\/blog\/#\/schema\/person\/1f1cfd1d1a90b7e7afdc6b683d880e3f","name":"Barbara","image":{"@type":"ImageObject","inLanguage":"hr","@id":"https:\/\/www.intersport.hr\/blog\/#\/schema\/person\/image\/","url":"https:\/\/secure.gravatar.com\/avatar\/e2afb68f445ad3ce66c04940516f6ce8a25ecb66ef021c80722da94d9c68547e?s=96&d=mm&r=g","contentUrl":"https:\/\/secure.gravatar.com\/avatar\/e2afb68f445ad3ce66c04940516f6ce8a25ecb66ef021c80722da94d9c68547e?s=96&d=mm&r=g","caption":"Barbara"},"url":"https:\/\/www.intersport.hr\/blog\/author\/barbarajanzekovic\/"}]}},"comments":0,"read_time_minutes":5,"thumbnail":"https:\/\/www.intersport.hr\/blog\/wp-content\/uploads\/sites\/2\/2021\/08\/istaknuta-slika-21-1440x430.jpg","_links":{"self":[{"href":"https:\/\/www.intersport.hr\/blog\/wp-json\/wp\/v2\/posts\/6153","targetHints":{"allow":["GET"]}}],"collection":[{"href":"https:\/\/www.intersport.hr\/blog\/wp-json\/wp\/v2\/posts"}],"about":[{"href":"https:\/\/www.intersport.hr\/blog\/wp-json\/wp\/v2\/types\/post"}],"author":[{"embeddable":true,"href":"https:\/\/www.intersport.hr\/blog\/wp-json\/wp\/v2\/users\/5"}],"replies":[{"embeddable":true,"href":"https:\/\/www.intersport.hr\/blog\/wp-json\/wp\/v2\/comments?post=6153"}],"version-history":[{"count":11,"href":"https:\/\/www.intersport.hr\/blog\/wp-json\/wp\/v2\/posts\/6153\/revisions"}],"predecessor-version":[{"id":6191,"href":"https:\/\/www.intersport.hr\/blog\/wp-json\/wp\/v2\/posts\/6153\/revisions\/6191"}],"wp:featuredmedia":[{"embeddable":true,"href":"https:\/\/www.intersport.hr\/blog\/wp-json\/wp\/v2\/media\/6169"}],"wp:attachment":[{"href":"https:\/\/www.intersport.hr\/blog\/wp-json\/wp\/v2\/media?parent=6153"}],"wp:term":[{"taxonomy":"category","embeddable":true,"href":"https:\/\/www.intersport.hr\/blog\/wp-json\/wp\/v2\/categories?post=6153"},{"taxonomy":"post_tag","embeddable":true,"href":"https:\/\/www.intersport.hr\/blog\/wp-json\/wp\/v2\/tags?post=6153"}],"curies":[{"name":"wp","href":"https:\/\/api.w.org\/{rel}","templated":true}]}}